{"id":883,"date":"2025-12-07T14:13:03","date_gmt":"2025-12-07T13:13:03","guid":{"rendered":"https:\/\/rvvz.cz\/praha\/?p=883"},"modified":"2025-12-07T14:37:47","modified_gmt":"2025-12-07T13:37:47","slug":"galenuv-nadacni-fond-prevzal-zastitu-nad-rvvz-praha-2026","status":"publish","type":"post","link":"https:\/\/rvvz.cz\/praha\/galenuv-nadacni-fond-prevzal-zastitu-nad-rvvz-praha-2026\/","title":{"rendered":"Gal\u00e9n\u016fv nada\u010dn\u00ed fond p\u0159evzal z\u00e1\u0161titu nad RVVZ Praha 2026"},"content":{"rendered":"\n<p><strong><a href=\"https:\/\/www.brezovylistek.cz\/galenuv-nadacni-fond\/\">Gal\u00e9n\u016fv nada\u010dn\u00ed fond<\/a> (GNF)<\/strong> ud\u011blil z\u00e1\u0161titu nad na\u0161\u00ed akc\u00ed <strong>Region\u00e1ln\u00ed vz\u00e1jemn\u00e1 v\u00fdm\u011bna zku\u0161enost\u00ed \u2013 RVVZ Praha 2026<\/strong>, kter\u00e1 prob\u011bhne <strong>9.\u201311. ledna 2026<\/strong>.<\/p>\n\n\n\n<p>Gal\u00e9n\u016fv nada\u010dn\u00ed fond dlouhodob\u011b podporuje v\u00fdm\u011bny zku\u0161enost\u00ed vedouc\u00edch pracuj\u00edc\u00edch s d\u011btmi a ml\u00e1de\u017e\u00ed na m\u00edstn\u00ed, region\u00e1ln\u00ed i celost\u00e1tn\u00ed \u00farovni. Velmi si v\u00e1\u017e\u00ed v\u0161ech, kdo podobn\u00e9 akce ve sv\u00e9m voln\u00e9m \u010dase a bez n\u00e1roku na odm\u011bnu organizuj\u00ed. VVZky p\u0159isp\u00edvaj\u00ed ke spolupr\u00e1ci jednotliv\u00fdch vedouc\u00edch i organizac\u00ed, a t\u00edm i k \u0161\u00ed\u0159en\u00ed my\u0161lenky <em>p\u0159\u00e1telstv\u00ed rozr\u016fzn\u011bn\u00fdch<\/em>, kter\u00e1 je z\u00e1kladn\u00edm mottem Gal\u00e9nova nada\u010dn\u00edho fondu i tradice B\u0159ezov\u00fdch l\u00edstk\u016f.<\/p>\n\n\n\n<p>Z\u00e1\u0161tita byla ud\u011blena rozhodnut\u00edm Spr\u00e1vn\u00ed rady GN \u2013 Gal\u00e9nova nada\u010dn\u00edho fondu.<\/p>\n\n\n\n<p>D\u011bkujeme za podporu a t\u011b\u0161\u00edme se na setk\u00e1n\u00ed na <a href=\"https:\/\/prihlasovadlo.rvvz.cz\/\">RVVZ Praha 2026<\/a>!<\/p>\n","protected":false},"excerpt":{"rendered":"<p>Gal\u00e9n\u016fv nada\u010dn\u00ed fond (GNF) ud\u011blil z\u00e1\u0161titu nad na\u0161\u00ed akc\u00ed Region\u00e1ln\u00ed vz\u00e1jemn\u00e1 v\u00fdm\u011bna zku\u0161enost\u00ed \u2013 RVVZ Praha 2026, kter\u00e1 prob\u011bhne 9.\u201311. ledna 2026. Gal\u00e9n\u016fv nada\u010dn\u00ed fond dlouhodob\u011b podporuje v\u00fdm\u011bny zku\u0161enost\u00ed vedouc\u00edch pracuj\u00edc\u00edch s d\u011btmi a ml\u00e1de\u017e\u00ed na m\u00edstn\u00ed, region\u00e1ln\u00ed i celost\u00e1tn\u00ed \u00farovni. Velmi si v\u00e1\u017e\u00ed v\u0161ech, kdo podobn\u00e9 akce ve sv\u00e9m voln\u00e9m \u010dase a bez n\u00e1roku&#8230;<\/p>\n","protected":false},"author":1,"featured_media":884,"comment_status":"open","ping_status":"open","sticky":false,"template":"","format":"standard","meta":{"_kadence_starter_templates_imported_post":false,"_kad_post_transparent":"","_kad_post_title":"","_kad_post_layout":"","_kad_post_sidebar_id":"","_kad_post_content_style":"","_kad_post_vertical_padding":"","_kad_post_feature":"","_kad_post_feature_position":"","_kad_post_header":false,"_kad_post_footer":false,"_kad_post_classname":"","footnotes":""},"categories":[1],"tags":[],"class_list":["post-883","post","type-post","status-publish","format-standard","has-post-thumbnail","hentry","category-nezarazene"],"yoast_head":"<!-- This site is optimized with the Yoast SEO plugin v27.4 - https:\/\/yoast.com\/product\/yoast-seo-wordpress\/ -->\n<title>Gal\u00e9n\u016fv nada\u010dn\u00ed fond p\u0159evzal z\u00e1\u0161titu nad RVVZ Praha 2026 - RVVZ Praha \u2013 Region\u00e1ln\u00ed velk\u00e1 v\u00fdm\u011bna zku\u0161enost\u00ed<\/title>\n<meta name=\"robots\" content=\"index, follow, max-snippet:-1, max-image-preview:large, max-video-preview:-1\" \/>\n<link rel=\"canonical\" href=\"https:\/\/rvvz.cz\/praha\/galenuv-nadacni-fond-prevzal-zastitu-nad-rvvz-praha-2026\/\" \/>\n<meta property=\"og:locale\" content=\"cs_CZ\" \/>\n<meta property=\"og:type\" content=\"article\" \/>\n<meta property=\"og:title\" content=\"Gal\u00e9n\u016fv nada\u010dn\u00ed fond p\u0159evzal z\u00e1\u0161titu nad RVVZ Praha 2026 - RVVZ Praha \u2013 Region\u00e1ln\u00ed velk\u00e1 v\u00fdm\u011bna zku\u0161enost\u00ed\" \/>\n<meta property=\"og:description\" content=\"Gal\u00e9n\u016fv nada\u010dn\u00ed fond (GNF) ud\u011blil z\u00e1\u0161titu nad na\u0161\u00ed akc\u00ed Region\u00e1ln\u00ed vz\u00e1jemn\u00e1 v\u00fdm\u011bna zku\u0161enost\u00ed \u2013 RVVZ Praha 2026, kter\u00e1 prob\u011bhne 9.\u201311. ledna 2026. Gal\u00e9n\u016fv nada\u010dn\u00ed fond dlouhodob\u011b podporuje v\u00fdm\u011bny zku\u0161enost\u00ed vedouc\u00edch pracuj\u00edc\u00edch s d\u011btmi a ml\u00e1de\u017e\u00ed na m\u00edstn\u00ed, region\u00e1ln\u00ed i celost\u00e1tn\u00ed \u00farovni. Velmi si v\u00e1\u017e\u00ed v\u0161ech, kdo podobn\u00e9 akce ve sv\u00e9m voln\u00e9m \u010dase a bez n\u00e1roku...\" \/>\n<meta property=\"og:url\" content=\"https:\/\/rvvz.cz\/praha\/galenuv-nadacni-fond-prevzal-zastitu-nad-rvvz-praha-2026\/\" \/>\n<meta property=\"og:site_name\" content=\"RVVZ Praha \u2013 Region\u00e1ln\u00ed velk\u00e1 v\u00fdm\u011bna zku\u0161enost\u00ed\" \/>\n<meta property=\"article:publisher\" content=\"https:\/\/facebook.com\/brontosaurus.praha\" \/>\n<meta property=\"article:published_time\" content=\"2025-12-07T13:13:03+00:00\" \/>\n<meta property=\"article:modified_time\" content=\"2025-12-07T13:37:47+00:00\" \/>\n<meta property=\"og:image\" content=\"https:\/\/rvvz.cz\/praha\/wp-content\/uploads\/sites\/2\/2025\/12\/brezove_listky.jpg\" \/>\n\t<meta property=\"og:image:width\" content=\"1500\" \/>\n\t<meta property=\"og:image:height\" content=\"1000\" \/>\n\t<meta property=\"og:image:type\" content=\"image\/jpeg\" \/>\n<meta name=\"author\" content=\"spravce\" \/>\n<meta name=\"twitter:card\" content=\"summary_large_image\" \/>\n<meta name=\"twitter:label1\" content=\"Napsal(a)\" \/>\n\t<meta name=\"twitter:data1\" content=\"spravce\" \/>\n\t<meta name=\"twitter:label2\" content=\"Odhadovan\u00e1 doba \u010dten\u00ed\" \/>\n\t<meta name=\"twitter:data2\" content=\"1 minuta\" \/>\n<script type=\"application\/ld+json\" class=\"yoast-schema-graph\">{\"@context\":\"https:\\\/\\\/schema.org\",\"@graph\":[{\"@type\":\"Article\",\"@id\":\"https:\\\/\\\/rvvz.cz\\\/praha\\\/galenuv-nadacni-fond-prevzal-zastitu-nad-rvvz-praha-2026\\\/#article\",\"isPartOf\":{\"@id\":\"https:\\\/\\\/rvvz.cz\\\/praha\\\/galenuv-nadacni-fond-prevzal-zastitu-nad-rvvz-praha-2026\\\/\"},\"author\":{\"name\":\"spravce\",\"@id\":\"https:\\\/\\\/rvvz.cz\\\/praha\\\/#\\\/schema\\\/person\\\/0867410e9a9c058c04ea976412859b54\"},\"headline\":\"Gal\u00e9n\u016fv nada\u010dn\u00ed fond p\u0159evzal z\u00e1\u0161titu nad RVVZ Praha 2026\",\"datePublished\":\"2025-12-07T13:13:03+00:00\",\"dateModified\":\"2025-12-07T13:37:47+00:00\",\"mainEntityOfPage\":{\"@id\":\"https:\\\/\\\/rvvz.cz\\\/praha\\\/galenuv-nadacni-fond-prevzal-zastitu-nad-rvvz-praha-2026\\\/\"},\"wordCount\":174,\"commentCount\":0,\"publisher\":{\"@id\":\"https:\\\/\\\/rvvz.cz\\\/praha\\\/#organization\"},\"image\":{\"@id\":\"https:\\\/\\\/rvvz.cz\\\/praha\\\/galenuv-nadacni-fond-prevzal-zastitu-nad-rvvz-praha-2026\\\/#primaryimage\"},\"thumbnailUrl\":\"https:\\\/\\\/rvvz.cz\\\/praha\\\/wp-content\\\/uploads\\\/sites\\\/2\\\/2025\\\/12\\\/brezove_listky.jpg\",\"inLanguage\":\"cs\",\"potentialAction\":[{\"@type\":\"CommentAction\",\"name\":\"Comment\",\"target\":[\"https:\\\/\\\/rvvz.cz\\\/praha\\\/galenuv-nadacni-fond-prevzal-zastitu-nad-rvvz-praha-2026\\\/#respond\"]}]},{\"@type\":\"WebPage\",\"@id\":\"https:\\\/\\\/rvvz.cz\\\/praha\\\/galenuv-nadacni-fond-prevzal-zastitu-nad-rvvz-praha-2026\\\/\",\"url\":\"https:\\\/\\\/rvvz.cz\\\/praha\\\/galenuv-nadacni-fond-prevzal-zastitu-nad-rvvz-praha-2026\\\/\",\"name\":\"Gal\u00e9n\u016fv nada\u010dn\u00ed fond p\u0159evzal z\u00e1\u0161titu nad RVVZ Praha 2026 - RVVZ Praha \u2013 Region\u00e1ln\u00ed velk\u00e1 v\u00fdm\u011bna zku\u0161enost\u00ed\",\"isPartOf\":{\"@id\":\"https:\\\/\\\/rvvz.cz\\\/praha\\\/#website\"},\"primaryImageOfPage\":{\"@id\":\"https:\\\/\\\/rvvz.cz\\\/praha\\\/galenuv-nadacni-fond-prevzal-zastitu-nad-rvvz-praha-2026\\\/#primaryimage\"},\"image\":{\"@id\":\"https:\\\/\\\/rvvz.cz\\\/praha\\\/galenuv-nadacni-fond-prevzal-zastitu-nad-rvvz-praha-2026\\\/#primaryimage\"},\"thumbnailUrl\":\"https:\\\/\\\/rvvz.cz\\\/praha\\\/wp-content\\\/uploads\\\/sites\\\/2\\\/2025\\\/12\\\/brezove_listky.jpg\",\"datePublished\":\"2025-12-07T13:13:03+00:00\",\"dateModified\":\"2025-12-07T13:37:47+00:00\",\"breadcrumb\":{\"@id\":\"https:\\\/\\\/rvvz.cz\\\/praha\\\/galenuv-nadacni-fond-prevzal-zastitu-nad-rvvz-praha-2026\\\/#breadcrumb\"},\"inLanguage\":\"cs\",\"potentialAction\":[{\"@type\":\"ReadAction\",\"target\":[\"https:\\\/\\\/rvvz.cz\\\/praha\\\/galenuv-nadacni-fond-prevzal-zastitu-nad-rvvz-praha-2026\\\/\"]}]},{\"@type\":\"ImageObject\",\"inLanguage\":\"cs\",\"@id\":\"https:\\\/\\\/rvvz.cz\\\/praha\\\/galenuv-nadacni-fond-prevzal-zastitu-nad-rvvz-praha-2026\\\/#primaryimage\",\"url\":\"https:\\\/\\\/rvvz.cz\\\/praha\\\/wp-content\\\/uploads\\\/sites\\\/2\\\/2025\\\/12\\\/brezove_listky.jpg\",\"contentUrl\":\"https:\\\/\\\/rvvz.cz\\\/praha\\\/wp-content\\\/uploads\\\/sites\\\/2\\\/2025\\\/12\\\/brezove_listky.jpg\",\"width\":1500,\"height\":1000},{\"@type\":\"BreadcrumbList\",\"@id\":\"https:\\\/\\\/rvvz.cz\\\/praha\\\/galenuv-nadacni-fond-prevzal-zastitu-nad-rvvz-praha-2026\\\/#breadcrumb\",\"itemListElement\":[{\"@type\":\"ListItem\",\"position\":1,\"name\":\"Dom\u016f\",\"item\":\"https:\\\/\\\/rvvz.cz\\\/praha\\\/\"},{\"@type\":\"ListItem\",\"position\":2,\"name\":\"Gal\u00e9n\u016fv nada\u010dn\u00ed fond p\u0159evzal z\u00e1\u0161titu nad RVVZ Praha 2026\"}]},{\"@type\":\"WebSite\",\"@id\":\"https:\\\/\\\/rvvz.cz\\\/praha\\\/#website\",\"url\":\"https:\\\/\\\/rvvz.cz\\\/praha\\\/\",\"name\":\"RVVZ Praha \u2013 Region\u00e1ln\u00ed velk\u00e1 v\u00fdm\u011bna zku\u0161enost\u00ed\",\"description\":\"\",\"publisher\":{\"@id\":\"https:\\\/\\\/rvvz.cz\\\/praha\\\/#organization\"},\"potentialAction\":[{\"@type\":\"SearchAction\",\"target\":{\"@type\":\"EntryPoint\",\"urlTemplate\":\"https:\\\/\\\/rvvz.cz\\\/praha\\\/?s={search_term_string}\"},\"query-input\":{\"@type\":\"PropertyValueSpecification\",\"valueRequired\":true,\"valueName\":\"search_term_string\"}}],\"inLanguage\":\"cs\"},{\"@type\":\"Organization\",\"@id\":\"https:\\\/\\\/rvvz.cz\\\/praha\\\/#organization\",\"name\":\"RVVZ Praha \u2013 Region\u00e1ln\u00ed velk\u00e1 v\u00fdm\u011bna zku\u0161enost\u00ed\",\"url\":\"https:\\\/\\\/rvvz.cz\\\/praha\\\/\",\"logo\":{\"@type\":\"ImageObject\",\"inLanguage\":\"cs\",\"@id\":\"https:\\\/\\\/rvvz.cz\\\/praha\\\/#\\\/schema\\\/logo\\\/image\\\/\",\"url\":\"https:\\\/\\\/rvvz.cz\\\/praha\\\/wp-content\\\/uploads\\\/sites\\\/2\\\/2025\\\/04\\\/cropped-1.png\",\"contentUrl\":\"https:\\\/\\\/rvvz.cz\\\/praha\\\/wp-content\\\/uploads\\\/sites\\\/2\\\/2025\\\/04\\\/cropped-1.png\",\"width\":1929,\"height\":633,\"caption\":\"RVVZ Praha \u2013 Region\u00e1ln\u00ed velk\u00e1 v\u00fdm\u011bna zku\u0161enost\u00ed\"},\"image\":{\"@id\":\"https:\\\/\\\/rvvz.cz\\\/praha\\\/#\\\/schema\\\/logo\\\/image\\\/\"},\"sameAs\":[\"https:\\\/\\\/facebook.com\\\/brontosaurus.praha\",\"https:\\\/\\\/www.instagram.com\\\/rvvz.cz\"]},{\"@type\":\"Person\",\"@id\":\"https:\\\/\\\/rvvz.cz\\\/praha\\\/#\\\/schema\\\/person\\\/0867410e9a9c058c04ea976412859b54\",\"name\":\"spravce\",\"image\":{\"@type\":\"ImageObject\",\"inLanguage\":\"cs\",\"@id\":\"https:\\\/\\\/secure.gravatar.com\\\/avatar\\\/b33c3adf6ba8a276e202d1256843973f711d173c5145166b1d6deb6a9d39d52d?s=96&d=mm&r=g\",\"url\":\"https:\\\/\\\/secure.gravatar.com\\\/avatar\\\/b33c3adf6ba8a276e202d1256843973f711d173c5145166b1d6deb6a9d39d52d?s=96&d=mm&r=g\",\"contentUrl\":\"https:\\\/\\\/secure.gravatar.com\\\/avatar\\\/b33c3adf6ba8a276e202d1256843973f711d173c5145166b1d6deb6a9d39d52d?s=96&d=mm&r=g\",\"caption\":\"spravce\"},\"sameAs\":[\"https:\\\/\\\/rvvz.cz\"],\"url\":\"https:\\\/\\\/rvvz.cz\\\/praha\\\/author\\\/spravce\\\/\"}]}<\/script>\n<!-- \/ Yoast SEO plugin. -->","yoast_head_json":{"title":"Gal\u00e9n\u016fv nada\u010dn\u00ed fond p\u0159evzal z\u00e1\u0161titu nad RVVZ Praha 2026 - RVVZ Praha \u2013 Region\u00e1ln\u00ed velk\u00e1 v\u00fdm\u011bna zku\u0161enost\u00ed","robots":{"index":"index","follow":"follow","max-snippet":"max-snippet:-1","max-image-preview":"max-image-preview:large","max-video-preview":"max-video-preview:-1"},"canonical":"https:\/\/rvvz.cz\/praha\/galenuv-nadacni-fond-prevzal-zastitu-nad-rvvz-praha-2026\/","og_locale":"cs_CZ","og_type":"article","og_title":"Gal\u00e9n\u016fv nada\u010dn\u00ed fond p\u0159evzal z\u00e1\u0161titu nad RVVZ Praha 2026 - RVVZ Praha \u2013 Region\u00e1ln\u00ed velk\u00e1 v\u00fdm\u011bna zku\u0161enost\u00ed","og_description":"Gal\u00e9n\u016fv nada\u010dn\u00ed fond (GNF) ud\u011blil z\u00e1\u0161titu nad na\u0161\u00ed akc\u00ed Region\u00e1ln\u00ed vz\u00e1jemn\u00e1 v\u00fdm\u011bna zku\u0161enost\u00ed \u2013 RVVZ Praha 2026, kter\u00e1 prob\u011bhne 9.\u201311. ledna 2026. Gal\u00e9n\u016fv nada\u010dn\u00ed fond dlouhodob\u011b podporuje v\u00fdm\u011bny zku\u0161enost\u00ed vedouc\u00edch pracuj\u00edc\u00edch s d\u011btmi a ml\u00e1de\u017e\u00ed na m\u00edstn\u00ed, region\u00e1ln\u00ed i celost\u00e1tn\u00ed \u00farovni. Velmi si v\u00e1\u017e\u00ed v\u0161ech, kdo podobn\u00e9 akce ve sv\u00e9m voln\u00e9m \u010dase a bez n\u00e1roku...","og_url":"https:\/\/rvvz.cz\/praha\/galenuv-nadacni-fond-prevzal-zastitu-nad-rvvz-praha-2026\/","og_site_name":"RVVZ Praha \u2013 Region\u00e1ln\u00ed velk\u00e1 v\u00fdm\u011bna zku\u0161enost\u00ed","article_publisher":"https:\/\/facebook.com\/brontosaurus.praha","article_published_time":"2025-12-07T13:13:03+00:00","article_modified_time":"2025-12-07T13:37:47+00:00","og_image":[{"width":1500,"height":1000,"url":"https:\/\/rvvz.cz\/praha\/wp-content\/uploads\/sites\/2\/2025\/12\/brezove_listky.jpg","type":"image\/jpeg"}],"author":"spravce","twitter_card":"summary_large_image","twitter_misc":{"Napsal(a)":"spravce","Odhadovan\u00e1 doba \u010dten\u00ed":"1 minuta"},"schema":{"@context":"https:\/\/schema.org","@graph":[{"@type":"Article","@id":"https:\/\/rvvz.cz\/praha\/galenuv-nadacni-fond-prevzal-zastitu-nad-rvvz-praha-2026\/#article","isPartOf":{"@id":"https:\/\/rvvz.cz\/praha\/galenuv-nadacni-fond-prevzal-zastitu-nad-rvvz-praha-2026\/"},"author":{"name":"spravce","@id":"https:\/\/rvvz.cz\/praha\/#\/schema\/person\/0867410e9a9c058c04ea976412859b54"},"headline":"Gal\u00e9n\u016fv nada\u010dn\u00ed fond p\u0159evzal z\u00e1\u0161titu nad RVVZ Praha 2026","datePublished":"2025-12-07T13:13:03+00:00","dateModified":"2025-12-07T13:37:47+00:00","mainEntityOfPage":{"@id":"https:\/\/rvvz.cz\/praha\/galenuv-nadacni-fond-prevzal-zastitu-nad-rvvz-praha-2026\/"},"wordCount":174,"commentCount":0,"publisher":{"@id":"https:\/\/rvvz.cz\/praha\/#organization"},"image":{"@id":"https:\/\/rvvz.cz\/praha\/galenuv-nadacni-fond-prevzal-zastitu-nad-rvvz-praha-2026\/#primaryimage"},"thumbnailUrl":"https:\/\/rvvz.cz\/praha\/wp-content\/uploads\/sites\/2\/2025\/12\/brezove_listky.jpg","inLanguage":"cs","potentialAction":[{"@type":"CommentAction","name":"Comment","target":["https:\/\/rvvz.cz\/praha\/galenuv-nadacni-fond-prevzal-zastitu-nad-rvvz-praha-2026\/#respond"]}]},{"@type":"WebPage","@id":"https:\/\/rvvz.cz\/praha\/galenuv-nadacni-fond-prevzal-zastitu-nad-rvvz-praha-2026\/","url":"https:\/\/rvvz.cz\/praha\/galenuv-nadacni-fond-prevzal-zastitu-nad-rvvz-praha-2026\/","name":"Gal\u00e9n\u016fv nada\u010dn\u00ed fond p\u0159evzal z\u00e1\u0161titu nad RVVZ Praha 2026 - RVVZ Praha \u2013 Region\u00e1ln\u00ed velk\u00e1 v\u00fdm\u011bna zku\u0161enost\u00ed","isPartOf":{"@id":"https:\/\/rvvz.cz\/praha\/#website"},"primaryImageOfPage":{"@id":"https:\/\/rvvz.cz\/praha\/galenuv-nadacni-fond-prevzal-zastitu-nad-rvvz-praha-2026\/#primaryimage"},"image":{"@id":"https:\/\/rvvz.cz\/praha\/galenuv-nadacni-fond-prevzal-zastitu-nad-rvvz-praha-2026\/#primaryimage"},"thumbnailUrl":"https:\/\/rvvz.cz\/praha\/wp-content\/uploads\/sites\/2\/2025\/12\/brezove_listky.jpg","datePublished":"2025-12-07T13:13:03+00:00","dateModified":"2025-12-07T13:37:47+00:00","breadcrumb":{"@id":"https:\/\/rvvz.cz\/praha\/galenuv-nadacni-fond-prevzal-zastitu-nad-rvvz-praha-2026\/#breadcrumb"},"inLanguage":"cs","potentialAction":[{"@type":"ReadAction","target":["https:\/\/rvvz.cz\/praha\/galenuv-nadacni-fond-prevzal-zastitu-nad-rvvz-praha-2026\/"]}]},{"@type":"ImageObject","inLanguage":"cs","@id":"https:\/\/rvvz.cz\/praha\/galenuv-nadacni-fond-prevzal-zastitu-nad-rvvz-praha-2026\/#primaryimage","url":"https:\/\/rvvz.cz\/praha\/wp-content\/uploads\/sites\/2\/2025\/12\/brezove_listky.jpg","contentUrl":"https:\/\/rvvz.cz\/praha\/wp-content\/uploads\/sites\/2\/2025\/12\/brezove_listky.jpg","width":1500,"height":1000},{"@type":"BreadcrumbList","@id":"https:\/\/rvvz.cz\/praha\/galenuv-nadacni-fond-prevzal-zastitu-nad-rvvz-praha-2026\/#breadcrumb","itemListElement":[{"@type":"ListItem","position":1,"name":"Dom\u016f","item":"https:\/\/rvvz.cz\/praha\/"},{"@type":"ListItem","position":2,"name":"Gal\u00e9n\u016fv nada\u010dn\u00ed fond p\u0159evzal z\u00e1\u0161titu nad RVVZ Praha 2026"}]},{"@type":"WebSite","@id":"https:\/\/rvvz.cz\/praha\/#website","url":"https:\/\/rvvz.cz\/praha\/","name":"RVVZ Praha \u2013 Region\u00e1ln\u00ed velk\u00e1 v\u00fdm\u011bna zku\u0161enost\u00ed","description":"","publisher":{"@id":"https:\/\/rvvz.cz\/praha\/#organization"},"potentialAction":[{"@type":"SearchAction","target":{"@type":"EntryPoint","urlTemplate":"https:\/\/rvvz.cz\/praha\/?s={search_term_string}"},"query-input":{"@type":"PropertyValueSpecification","valueRequired":true,"valueName":"search_term_string"}}],"inLanguage":"cs"},{"@type":"Organization","@id":"https:\/\/rvvz.cz\/praha\/#organization","name":"RVVZ Praha \u2013 Region\u00e1ln\u00ed velk\u00e1 v\u00fdm\u011bna zku\u0161enost\u00ed","url":"https:\/\/rvvz.cz\/praha\/","logo":{"@type":"ImageObject","inLanguage":"cs","@id":"https:\/\/rvvz.cz\/praha\/#\/schema\/logo\/image\/","url":"https:\/\/rvvz.cz\/praha\/wp-content\/uploads\/sites\/2\/2025\/04\/cropped-1.png","contentUrl":"https:\/\/rvvz.cz\/praha\/wp-content\/uploads\/sites\/2\/2025\/04\/cropped-1.png","width":1929,"height":633,"caption":"RVVZ Praha \u2013 Region\u00e1ln\u00ed velk\u00e1 v\u00fdm\u011bna zku\u0161enost\u00ed"},"image":{"@id":"https:\/\/rvvz.cz\/praha\/#\/schema\/logo\/image\/"},"sameAs":["https:\/\/facebook.com\/brontosaurus.praha","https:\/\/www.instagram.com\/rvvz.cz"]},{"@type":"Person","@id":"https:\/\/rvvz.cz\/praha\/#\/schema\/person\/0867410e9a9c058c04ea976412859b54","name":"spravce","image":{"@type":"ImageObject","inLanguage":"cs","@id":"https:\/\/secure.gravatar.com\/avatar\/b33c3adf6ba8a276e202d1256843973f711d173c5145166b1d6deb6a9d39d52d?s=96&d=mm&r=g","url":"https:\/\/secure.gravatar.com\/avatar\/b33c3adf6ba8a276e202d1256843973f711d173c5145166b1d6deb6a9d39d52d?s=96&d=mm&r=g","contentUrl":"https:\/\/secure.gravatar.com\/avatar\/b33c3adf6ba8a276e202d1256843973f711d173c5145166b1d6deb6a9d39d52d?s=96&d=mm&r=g","caption":"spravce"},"sameAs":["https:\/\/rvvz.cz"],"url":"https:\/\/rvvz.cz\/praha\/author\/spravce\/"}]}},"_links":{"self":[{"href":"https:\/\/rvvz.cz\/praha\/wp-json\/wp\/v2\/posts\/883","targetHints":{"allow":["GET"]}}],"collection":[{"href":"https:\/\/rvvz.cz\/praha\/wp-json\/wp\/v2\/posts"}],"about":[{"href":"https:\/\/rvvz.cz\/praha\/wp-json\/wp\/v2\/types\/post"}],"author":[{"embeddable":true,"href":"https:\/\/rvvz.cz\/praha\/wp-json\/wp\/v2\/users\/1"}],"replies":[{"embeddable":true,"href":"https:\/\/rvvz.cz\/praha\/wp-json\/wp\/v2\/comments?post=883"}],"version-history":[{"count":1,"href":"https:\/\/rvvz.cz\/praha\/wp-json\/wp\/v2\/posts\/883\/revisions"}],"predecessor-version":[{"id":885,"href":"https:\/\/rvvz.cz\/praha\/wp-json\/wp\/v2\/posts\/883\/revisions\/885"}],"wp:featuredmedia":[{"embeddable":true,"href":"https:\/\/rvvz.cz\/praha\/wp-json\/wp\/v2\/media\/884"}],"wp:attachment":[{"href":"https:\/\/rvvz.cz\/praha\/wp-json\/wp\/v2\/media?parent=883"}],"wp:term":[{"taxonomy":"category","embeddable":true,"href":"https:\/\/rvvz.cz\/praha\/wp-json\/wp\/v2\/categories?post=883"},{"taxonomy":"post_tag","embeddable":true,"href":"https:\/\/rvvz.cz\/praha\/wp-json\/wp\/v2\/tags?post=883"}],"curies":[{"name":"wp","href":"https:\/\/api.w.org\/{rel}","templated":true}]}}