{"id":838,"date":"2025-11-18T16:52:41","date_gmt":"2025-11-18T15:52:41","guid":{"rendered":"https:\/\/rvvz.cz\/praha\/?p=838"},"modified":"2025-11-18T16:59:12","modified_gmt":"2025-11-18T15:59:12","slug":"rvvz-2026-v-praze-ziskala-zastitu-prazske-rady-deti-a-mladeze-hlavniho-mesta-prahy","status":"publish","type":"post","link":"https:\/\/rvvz.cz\/praha\/rvvz-2026-v-praze-ziskala-zastitu-prazske-rady-deti-a-mladeze-hlavniho-mesta-prahy\/","title":{"rendered":"RVVZ 2026 v Praze z\u00edskala z\u00e1\u0161titu Pra\u017esk\u00e9 rady d\u011bt\u00ed a ml\u00e1de\u017ee Hlavn\u00edho m\u011bsta Prahy"},"content":{"rendered":"\n<p>Organiz\u00e1to\u0159i s pot\u011b\u0161en\u00edm oznamuj\u00ed, \u017ee chystan\u00e1 akce <strong>Region\u00e1ln\u00ed velk\u00e1 v\u00fdm\u011bna zku\u0161enost\u00ed v Praze<\/strong> (RVVZ) z\u00edskala ofici\u00e1ln\u00ed z\u00e1\u0161titu od <strong>Rady d\u011bt\u00ed a ml\u00e1de\u017ee hl. m. Prahy (RDMP)<\/strong>. Tato podpora je v\u00fdznamn\u00fdm uzn\u00e1n\u00edm pro akci, kter\u00e1 si klade za c\u00edl pos\u00edlit spolupr\u00e1ci a sd\u00edlen\u00ed osv\u011bd\u010den\u00fdch postup\u016f mezi organizacemi pracuj\u00edc\u00edmi s d\u011btmi a ml\u00e1de\u017e\u00ed v regionu.<\/p>\n\n\n\n<p>Region\u00e1ln\u00ed velk\u00e1 v\u00fdm\u011bna zku\u0161enost\u00ed je platforma, kter\u00e1 spojuje vedouc\u00ed, koordin\u00e1tory a dal\u0161\u00ed pracovn\u00edky z nejr\u016fzn\u011bj\u0161\u00edch spolk\u016f, organizac\u00ed a instituc\u00ed. \u00da\u010dastn\u00edci zde maj\u00ed mo\u017enost na\u010derpat inspiraci, diskutovat o aktu\u00e1ln\u00edch v\u00fdzv\u00e1ch a nav\u00e1zat cenn\u00e9 kontakty pro budouc\u00ed projekty.<\/p>\n\n\n\n<div data-wp-interactive=\"core\/file\" class=\"wp-block-file\"><object data-wp-bind--hidden=\"!state.hasPdfPreview\" hidden class=\"wp-block-file__embed\" data=\"https:\/\/rvvz.cz\/praha\/wp-content\/uploads\/sites\/2\/2025\/11\/Zastita_RDMP.pdf\" type=\"application\/pdf\" style=\"width:100%;height:600px\" aria-label=\"Vlo\u017eit z Zastita_RDMP.\"><\/object><a id=\"wp-block-file--media-a7f3fe76-1f80-4df0-88dc-c70a2418187d\" href=\"https:\/\/rvvz.cz\/praha\/wp-content\/uploads\/sites\/2\/2025\/11\/Zastita_RDMP.pdf\">Zastita_RDMP<\/a><a href=\"https:\/\/rvvz.cz\/praha\/wp-content\/uploads\/sites\/2\/2025\/11\/Zastita_RDMP.pdf\" class=\"wp-block-file__button wp-element-button\" download aria-describedby=\"wp-block-file--media-a7f3fe76-1f80-4df0-88dc-c70a2418187d\">St\u00e1hnout<\/a><\/div>\n\n\n\n<p><\/p>\n","protected":false},"excerpt":{"rendered":"<p>Organiz\u00e1to\u0159i s pot\u011b\u0161en\u00edm oznamuj\u00ed, \u017ee chystan\u00e1 akce Region\u00e1ln\u00ed velk\u00e1 v\u00fdm\u011bna zku\u0161enost\u00ed v Praze (RVVZ) z\u00edskala ofici\u00e1ln\u00ed z\u00e1\u0161titu od Rady d\u011bt\u00ed a ml\u00e1de\u017ee hl. m. Prahy (RDMP). Tato podpora je v\u00fdznamn\u00fdm uzn\u00e1n\u00edm pro akci, kter\u00e1 si klade za c\u00edl pos\u00edlit spolupr\u00e1ci a sd\u00edlen\u00ed osv\u011bd\u010den\u00fdch postup\u016f mezi organizacemi pracuj\u00edc\u00edmi s d\u011btmi a ml\u00e1de\u017e\u00ed v regionu. Region\u00e1ln\u00ed velk\u00e1&#8230;<\/p>\n","protected":false},"author":3,"featured_media":842,"comment_status":"open","ping_status":"open","sticky":false,"template":"","format":"standard","meta":{"_kadence_starter_templates_imported_post":false,"_kad_post_transparent":"","_kad_post_title":"","_kad_post_layout":"","_kad_post_sidebar_id":"","_kad_post_content_style":"","_kad_post_vertical_padding":"","_kad_post_feature":"","_kad_post_feature_position":"","_kad_post_header":false,"_kad_post_footer":false,"_kad_post_classname":"","footnotes":""},"categories":[1],"tags":[],"class_list":["post-838","post","type-post","status-publish","format-standard","has-post-thumbnail","hentry","category-nezarazene"],"yoast_head":"<!-- This site is optimized with the Yoast SEO plugin v27.5 - https:\/\/yoast.com\/product\/yoast-seo-wordpress\/ -->\n<title>RVVZ 2026 v Praze z\u00edskala z\u00e1\u0161titu Pra\u017esk\u00e9 rady d\u011bt\u00ed a ml\u00e1de\u017ee Hlavn\u00edho m\u011bsta Prahy - RVVZ Praha \u2013 Region\u00e1ln\u00ed velk\u00e1 v\u00fdm\u011bna zku\u0161enost\u00ed<\/title>\n<meta name=\"robots\" content=\"index, follow, max-snippet:-1, max-image-preview:large, max-video-preview:-1\" \/>\n<link rel=\"canonical\" href=\"https:\/\/rvvz.cz\/praha\/rvvz-2026-v-praze-ziskala-zastitu-prazske-rady-deti-a-mladeze-hlavniho-mesta-prahy\/\" \/>\n<meta property=\"og:locale\" content=\"cs_CZ\" \/>\n<meta property=\"og:type\" content=\"article\" \/>\n<meta property=\"og:title\" content=\"RVVZ 2026 v Praze z\u00edskala z\u00e1\u0161titu Pra\u017esk\u00e9 rady d\u011bt\u00ed a ml\u00e1de\u017ee Hlavn\u00edho m\u011bsta Prahy - RVVZ Praha \u2013 Region\u00e1ln\u00ed velk\u00e1 v\u00fdm\u011bna zku\u0161enost\u00ed\" \/>\n<meta property=\"og:description\" content=\"Organiz\u00e1to\u0159i s pot\u011b\u0161en\u00edm oznamuj\u00ed, \u017ee chystan\u00e1 akce Region\u00e1ln\u00ed velk\u00e1 v\u00fdm\u011bna zku\u0161enost\u00ed v Praze (RVVZ) z\u00edskala ofici\u00e1ln\u00ed z\u00e1\u0161titu od Rady d\u011bt\u00ed a ml\u00e1de\u017ee hl. m. Prahy (RDMP). Tato podpora je v\u00fdznamn\u00fdm uzn\u00e1n\u00edm pro akci, kter\u00e1 si klade za c\u00edl pos\u00edlit spolupr\u00e1ci a sd\u00edlen\u00ed osv\u011bd\u010den\u00fdch postup\u016f mezi organizacemi pracuj\u00edc\u00edmi s d\u011btmi a ml\u00e1de\u017e\u00ed v regionu. Region\u00e1ln\u00ed velk\u00e1...\" \/>\n<meta property=\"og:url\" content=\"https:\/\/rvvz.cz\/praha\/rvvz-2026-v-praze-ziskala-zastitu-prazske-rady-deti-a-mladeze-hlavniho-mesta-prahy\/\" \/>\n<meta property=\"og:site_name\" content=\"RVVZ Praha \u2013 Region\u00e1ln\u00ed velk\u00e1 v\u00fdm\u011bna zku\u0161enost\u00ed\" \/>\n<meta property=\"article:publisher\" content=\"https:\/\/facebook.com\/brontosaurus.praha\" \/>\n<meta property=\"article:published_time\" content=\"2025-11-18T15:52:41+00:00\" \/>\n<meta property=\"article:modified_time\" content=\"2025-11-18T15:59:12+00:00\" \/>\n<meta property=\"og:image\" content=\"https:\/\/rvvz.cz\/praha\/wp-content\/uploads\/sites\/2\/2025\/11\/rdmp_velke.png\" \/>\n\t<meta property=\"og:image:width\" content=\"1030\" \/>\n\t<meta property=\"og:image:height\" content=\"473\" \/>\n\t<meta property=\"og:image:type\" content=\"image\/png\" \/>\n<meta name=\"author\" content=\"pasa\" \/>\n<meta name=\"twitter:card\" content=\"summary_large_image\" \/>\n<meta name=\"twitter:label1\" content=\"Napsal(a)\" \/>\n\t<meta name=\"twitter:data1\" content=\"pasa\" \/>\n\t<meta name=\"twitter:label2\" content=\"Odhadovan\u00e1 doba \u010dten\u00ed\" \/>\n\t<meta name=\"twitter:data2\" content=\"1 minuta\" \/>\n<script type=\"application\/ld+json\" class=\"yoast-schema-graph\">{\"@context\":\"https:\\\/\\\/schema.org\",\"@graph\":[{\"@type\":\"Article\",\"@id\":\"https:\\\/\\\/rvvz.cz\\\/praha\\\/rvvz-2026-v-praze-ziskala-zastitu-prazske-rady-deti-a-mladeze-hlavniho-mesta-prahy\\\/#article\",\"isPartOf\":{\"@id\":\"https:\\\/\\\/rvvz.cz\\\/praha\\\/rvvz-2026-v-praze-ziskala-zastitu-prazske-rady-deti-a-mladeze-hlavniho-mesta-prahy\\\/\"},\"author\":{\"name\":\"pasa\",\"@id\":\"https:\\\/\\\/rvvz.cz\\\/praha\\\/#\\\/schema\\\/person\\\/c41878fe1cd4d1f2c0a5a95f51e23fd7\"},\"headline\":\"RVVZ 2026 v Praze z\u00edskala z\u00e1\u0161titu Pra\u017esk\u00e9 rady d\u011bt\u00ed a ml\u00e1de\u017ee Hlavn\u00edho m\u011bsta Prahy\",\"datePublished\":\"2025-11-18T15:52:41+00:00\",\"dateModified\":\"2025-11-18T15:59:12+00:00\",\"mainEntityOfPage\":{\"@id\":\"https:\\\/\\\/rvvz.cz\\\/praha\\\/rvvz-2026-v-praze-ziskala-zastitu-prazske-rady-deti-a-mladeze-hlavniho-mesta-prahy\\\/\"},\"wordCount\":160,\"commentCount\":0,\"publisher\":{\"@id\":\"https:\\\/\\\/rvvz.cz\\\/praha\\\/#organization\"},\"image\":{\"@id\":\"https:\\\/\\\/rvvz.cz\\\/praha\\\/rvvz-2026-v-praze-ziskala-zastitu-prazske-rady-deti-a-mladeze-hlavniho-mesta-prahy\\\/#primaryimage\"},\"thumbnailUrl\":\"https:\\\/\\\/rvvz.cz\\\/praha\\\/wp-content\\\/uploads\\\/sites\\\/2\\\/2025\\\/11\\\/rdmp_velke.png\",\"inLanguage\":\"cs\",\"potentialAction\":[{\"@type\":\"CommentAction\",\"name\":\"Comment\",\"target\":[\"https:\\\/\\\/rvvz.cz\\\/praha\\\/rvvz-2026-v-praze-ziskala-zastitu-prazske-rady-deti-a-mladeze-hlavniho-mesta-prahy\\\/#respond\"]}]},{\"@type\":\"WebPage\",\"@id\":\"https:\\\/\\\/rvvz.cz\\\/praha\\\/rvvz-2026-v-praze-ziskala-zastitu-prazske-rady-deti-a-mladeze-hlavniho-mesta-prahy\\\/\",\"url\":\"https:\\\/\\\/rvvz.cz\\\/praha\\\/rvvz-2026-v-praze-ziskala-zastitu-prazske-rady-deti-a-mladeze-hlavniho-mesta-prahy\\\/\",\"name\":\"RVVZ 2026 v Praze z\u00edskala z\u00e1\u0161titu Pra\u017esk\u00e9 rady d\u011bt\u00ed a ml\u00e1de\u017ee Hlavn\u00edho m\u011bsta Prahy - RVVZ Praha \u2013 Region\u00e1ln\u00ed velk\u00e1 v\u00fdm\u011bna zku\u0161enost\u00ed\",\"isPartOf\":{\"@id\":\"https:\\\/\\\/rvvz.cz\\\/praha\\\/#website\"},\"primaryImageOfPage\":{\"@id\":\"https:\\\/\\\/rvvz.cz\\\/praha\\\/rvvz-2026-v-praze-ziskala-zastitu-prazske-rady-deti-a-mladeze-hlavniho-mesta-prahy\\\/#primaryimage\"},\"image\":{\"@id\":\"https:\\\/\\\/rvvz.cz\\\/praha\\\/rvvz-2026-v-praze-ziskala-zastitu-prazske-rady-deti-a-mladeze-hlavniho-mesta-prahy\\\/#primaryimage\"},\"thumbnailUrl\":\"https:\\\/\\\/rvvz.cz\\\/praha\\\/wp-content\\\/uploads\\\/sites\\\/2\\\/2025\\\/11\\\/rdmp_velke.png\",\"datePublished\":\"2025-11-18T15:52:41+00:00\",\"dateModified\":\"2025-11-18T15:59:12+00:00\",\"breadcrumb\":{\"@id\":\"https:\\\/\\\/rvvz.cz\\\/praha\\\/rvvz-2026-v-praze-ziskala-zastitu-prazske-rady-deti-a-mladeze-hlavniho-mesta-prahy\\\/#breadcrumb\"},\"inLanguage\":\"cs\",\"potentialAction\":[{\"@type\":\"ReadAction\",\"target\":[\"https:\\\/\\\/rvvz.cz\\\/praha\\\/rvvz-2026-v-praze-ziskala-zastitu-prazske-rady-deti-a-mladeze-hlavniho-mesta-prahy\\\/\"]}]},{\"@type\":\"ImageObject\",\"inLanguage\":\"cs\",\"@id\":\"https:\\\/\\\/rvvz.cz\\\/praha\\\/rvvz-2026-v-praze-ziskala-zastitu-prazske-rady-deti-a-mladeze-hlavniho-mesta-prahy\\\/#primaryimage\",\"url\":\"https:\\\/\\\/rvvz.cz\\\/praha\\\/wp-content\\\/uploads\\\/sites\\\/2\\\/2025\\\/11\\\/rdmp_velke.png\",\"contentUrl\":\"https:\\\/\\\/rvvz.cz\\\/praha\\\/wp-content\\\/uploads\\\/sites\\\/2\\\/2025\\\/11\\\/rdmp_velke.png\",\"width\":1030,\"height\":473},{\"@type\":\"BreadcrumbList\",\"@id\":\"https:\\\/\\\/rvvz.cz\\\/praha\\\/rvvz-2026-v-praze-ziskala-zastitu-prazske-rady-deti-a-mladeze-hlavniho-mesta-prahy\\\/#breadcrumb\",\"itemListElement\":[{\"@type\":\"ListItem\",\"position\":1,\"name\":\"Dom\u016f\",\"item\":\"https:\\\/\\\/rvvz.cz\\\/praha\\\/\"},{\"@type\":\"ListItem\",\"position\":2,\"name\":\"RVVZ 2026 v&nbsp;Praze z\u00edskala z\u00e1\u0161titu Pra\u017esk\u00e9 rady d\u011bt\u00ed a&nbsp;ml\u00e1de\u017ee Hlavn\u00edho m\u011bsta Prahy\"}]},{\"@type\":\"WebSite\",\"@id\":\"https:\\\/\\\/rvvz.cz\\\/praha\\\/#website\",\"url\":\"https:\\\/\\\/rvvz.cz\\\/praha\\\/\",\"name\":\"RVVZ Praha \u2013 Region\u00e1ln\u00ed velk\u00e1 v\u00fdm\u011bna zku\u0161enost\u00ed\",\"description\":\"\",\"publisher\":{\"@id\":\"https:\\\/\\\/rvvz.cz\\\/praha\\\/#organization\"},\"potentialAction\":[{\"@type\":\"SearchAction\",\"target\":{\"@type\":\"EntryPoint\",\"urlTemplate\":\"https:\\\/\\\/rvvz.cz\\\/praha\\\/?s={search_term_string}\"},\"query-input\":{\"@type\":\"PropertyValueSpecification\",\"valueRequired\":true,\"valueName\":\"search_term_string\"}}],\"inLanguage\":\"cs\"},{\"@type\":\"Organization\",\"@id\":\"https:\\\/\\\/rvvz.cz\\\/praha\\\/#organization\",\"name\":\"RVVZ Praha \u2013 Region\u00e1ln\u00ed velk\u00e1 v\u00fdm\u011bna zku\u0161enost\u00ed\",\"url\":\"https:\\\/\\\/rvvz.cz\\\/praha\\\/\",\"logo\":{\"@type\":\"ImageObject\",\"inLanguage\":\"cs\",\"@id\":\"https:\\\/\\\/rvvz.cz\\\/praha\\\/#\\\/schema\\\/logo\\\/image\\\/\",\"url\":\"https:\\\/\\\/rvvz.cz\\\/praha\\\/wp-content\\\/uploads\\\/sites\\\/2\\\/2025\\\/04\\\/cropped-1.png\",\"contentUrl\":\"https:\\\/\\\/rvvz.cz\\\/praha\\\/wp-content\\\/uploads\\\/sites\\\/2\\\/2025\\\/04\\\/cropped-1.png\",\"width\":1929,\"height\":633,\"caption\":\"RVVZ Praha \u2013 Region\u00e1ln\u00ed velk\u00e1 v\u00fdm\u011bna zku\u0161enost\u00ed\"},\"image\":{\"@id\":\"https:\\\/\\\/rvvz.cz\\\/praha\\\/#\\\/schema\\\/logo\\\/image\\\/\"},\"sameAs\":[\"https:\\\/\\\/facebook.com\\\/brontosaurus.praha\",\"https:\\\/\\\/www.instagram.com\\\/rvvz.cz\"]},{\"@type\":\"Person\",\"@id\":\"https:\\\/\\\/rvvz.cz\\\/praha\\\/#\\\/schema\\\/person\\\/c41878fe1cd4d1f2c0a5a95f51e23fd7\",\"name\":\"pasa\",\"image\":{\"@type\":\"ImageObject\",\"inLanguage\":\"cs\",\"@id\":\"https:\\\/\\\/secure.gravatar.com\\\/avatar\\\/c650c7ecacac6fa7a2d53a63176c06d0827d354ba435c0d8e557dc4e4dc81499?s=96&d=mm&r=g\",\"url\":\"https:\\\/\\\/secure.gravatar.com\\\/avatar\\\/c650c7ecacac6fa7a2d53a63176c06d0827d354ba435c0d8e557dc4e4dc81499?s=96&d=mm&r=g\",\"contentUrl\":\"https:\\\/\\\/secure.gravatar.com\\\/avatar\\\/c650c7ecacac6fa7a2d53a63176c06d0827d354ba435c0d8e557dc4e4dc81499?s=96&d=mm&r=g\",\"caption\":\"pasa\"},\"url\":\"https:\\\/\\\/rvvz.cz\\\/praha\\\/author\\\/pasa\\\/\"}]}<\/script>\n<!-- \/ Yoast SEO plugin. -->","yoast_head_json":{"title":"RVVZ 2026 v Praze z\u00edskala z\u00e1\u0161titu Pra\u017esk\u00e9 rady d\u011bt\u00ed a ml\u00e1de\u017ee Hlavn\u00edho m\u011bsta Prahy - RVVZ Praha \u2013 Region\u00e1ln\u00ed velk\u00e1 v\u00fdm\u011bna zku\u0161enost\u00ed","robots":{"index":"index","follow":"follow","max-snippet":"max-snippet:-1","max-image-preview":"max-image-preview:large","max-video-preview":"max-video-preview:-1"},"canonical":"https:\/\/rvvz.cz\/praha\/rvvz-2026-v-praze-ziskala-zastitu-prazske-rady-deti-a-mladeze-hlavniho-mesta-prahy\/","og_locale":"cs_CZ","og_type":"article","og_title":"RVVZ 2026 v Praze z\u00edskala z\u00e1\u0161titu Pra\u017esk\u00e9 rady d\u011bt\u00ed a ml\u00e1de\u017ee Hlavn\u00edho m\u011bsta Prahy - RVVZ Praha \u2013 Region\u00e1ln\u00ed velk\u00e1 v\u00fdm\u011bna zku\u0161enost\u00ed","og_description":"Organiz\u00e1to\u0159i s pot\u011b\u0161en\u00edm oznamuj\u00ed, \u017ee chystan\u00e1 akce Region\u00e1ln\u00ed velk\u00e1 v\u00fdm\u011bna zku\u0161enost\u00ed v Praze (RVVZ) z\u00edskala ofici\u00e1ln\u00ed z\u00e1\u0161titu od Rady d\u011bt\u00ed a ml\u00e1de\u017ee hl. m. Prahy (RDMP). Tato podpora je v\u00fdznamn\u00fdm uzn\u00e1n\u00edm pro akci, kter\u00e1 si klade za c\u00edl pos\u00edlit spolupr\u00e1ci a sd\u00edlen\u00ed osv\u011bd\u010den\u00fdch postup\u016f mezi organizacemi pracuj\u00edc\u00edmi s d\u011btmi a ml\u00e1de\u017e\u00ed v regionu. Region\u00e1ln\u00ed velk\u00e1...","og_url":"https:\/\/rvvz.cz\/praha\/rvvz-2026-v-praze-ziskala-zastitu-prazske-rady-deti-a-mladeze-hlavniho-mesta-prahy\/","og_site_name":"RVVZ Praha \u2013 Region\u00e1ln\u00ed velk\u00e1 v\u00fdm\u011bna zku\u0161enost\u00ed","article_publisher":"https:\/\/facebook.com\/brontosaurus.praha","article_published_time":"2025-11-18T15:52:41+00:00","article_modified_time":"2025-11-18T15:59:12+00:00","og_image":[{"width":1030,"height":473,"url":"https:\/\/rvvz.cz\/praha\/wp-content\/uploads\/sites\/2\/2025\/11\/rdmp_velke.png","type":"image\/png"}],"author":"pasa","twitter_card":"summary_large_image","twitter_misc":{"Napsal(a)":"pasa","Odhadovan\u00e1 doba \u010dten\u00ed":"1 minuta"},"schema":{"@context":"https:\/\/schema.org","@graph":[{"@type":"Article","@id":"https:\/\/rvvz.cz\/praha\/rvvz-2026-v-praze-ziskala-zastitu-prazske-rady-deti-a-mladeze-hlavniho-mesta-prahy\/#article","isPartOf":{"@id":"https:\/\/rvvz.cz\/praha\/rvvz-2026-v-praze-ziskala-zastitu-prazske-rady-deti-a-mladeze-hlavniho-mesta-prahy\/"},"author":{"name":"pasa","@id":"https:\/\/rvvz.cz\/praha\/#\/schema\/person\/c41878fe1cd4d1f2c0a5a95f51e23fd7"},"headline":"RVVZ 2026 v Praze z\u00edskala z\u00e1\u0161titu Pra\u017esk\u00e9 rady d\u011bt\u00ed a ml\u00e1de\u017ee Hlavn\u00edho m\u011bsta Prahy","datePublished":"2025-11-18T15:52:41+00:00","dateModified":"2025-11-18T15:59:12+00:00","mainEntityOfPage":{"@id":"https:\/\/rvvz.cz\/praha\/rvvz-2026-v-praze-ziskala-zastitu-prazske-rady-deti-a-mladeze-hlavniho-mesta-prahy\/"},"wordCount":160,"commentCount":0,"publisher":{"@id":"https:\/\/rvvz.cz\/praha\/#organization"},"image":{"@id":"https:\/\/rvvz.cz\/praha\/rvvz-2026-v-praze-ziskala-zastitu-prazske-rady-deti-a-mladeze-hlavniho-mesta-prahy\/#primaryimage"},"thumbnailUrl":"https:\/\/rvvz.cz\/praha\/wp-content\/uploads\/sites\/2\/2025\/11\/rdmp_velke.png","inLanguage":"cs","potentialAction":[{"@type":"CommentAction","name":"Comment","target":["https:\/\/rvvz.cz\/praha\/rvvz-2026-v-praze-ziskala-zastitu-prazske-rady-deti-a-mladeze-hlavniho-mesta-prahy\/#respond"]}]},{"@type":"WebPage","@id":"https:\/\/rvvz.cz\/praha\/rvvz-2026-v-praze-ziskala-zastitu-prazske-rady-deti-a-mladeze-hlavniho-mesta-prahy\/","url":"https:\/\/rvvz.cz\/praha\/rvvz-2026-v-praze-ziskala-zastitu-prazske-rady-deti-a-mladeze-hlavniho-mesta-prahy\/","name":"RVVZ 2026 v Praze z\u00edskala z\u00e1\u0161titu Pra\u017esk\u00e9 rady d\u011bt\u00ed a ml\u00e1de\u017ee Hlavn\u00edho m\u011bsta Prahy - RVVZ Praha \u2013 Region\u00e1ln\u00ed velk\u00e1 v\u00fdm\u011bna zku\u0161enost\u00ed","isPartOf":{"@id":"https:\/\/rvvz.cz\/praha\/#website"},"primaryImageOfPage":{"@id":"https:\/\/rvvz.cz\/praha\/rvvz-2026-v-praze-ziskala-zastitu-prazske-rady-deti-a-mladeze-hlavniho-mesta-prahy\/#primaryimage"},"image":{"@id":"https:\/\/rvvz.cz\/praha\/rvvz-2026-v-praze-ziskala-zastitu-prazske-rady-deti-a-mladeze-hlavniho-mesta-prahy\/#primaryimage"},"thumbnailUrl":"https:\/\/rvvz.cz\/praha\/wp-content\/uploads\/sites\/2\/2025\/11\/rdmp_velke.png","datePublished":"2025-11-18T15:52:41+00:00","dateModified":"2025-11-18T15:59:12+00:00","breadcrumb":{"@id":"https:\/\/rvvz.cz\/praha\/rvvz-2026-v-praze-ziskala-zastitu-prazske-rady-deti-a-mladeze-hlavniho-mesta-prahy\/#breadcrumb"},"inLanguage":"cs","potentialAction":[{"@type":"ReadAction","target":["https:\/\/rvvz.cz\/praha\/rvvz-2026-v-praze-ziskala-zastitu-prazske-rady-deti-a-mladeze-hlavniho-mesta-prahy\/"]}]},{"@type":"ImageObject","inLanguage":"cs","@id":"https:\/\/rvvz.cz\/praha\/rvvz-2026-v-praze-ziskala-zastitu-prazske-rady-deti-a-mladeze-hlavniho-mesta-prahy\/#primaryimage","url":"https:\/\/rvvz.cz\/praha\/wp-content\/uploads\/sites\/2\/2025\/11\/rdmp_velke.png","contentUrl":"https:\/\/rvvz.cz\/praha\/wp-content\/uploads\/sites\/2\/2025\/11\/rdmp_velke.png","width":1030,"height":473},{"@type":"BreadcrumbList","@id":"https:\/\/rvvz.cz\/praha\/rvvz-2026-v-praze-ziskala-zastitu-prazske-rady-deti-a-mladeze-hlavniho-mesta-prahy\/#breadcrumb","itemListElement":[{"@type":"ListItem","position":1,"name":"Dom\u016f","item":"https:\/\/rvvz.cz\/praha\/"},{"@type":"ListItem","position":2,"name":"RVVZ 2026 v&nbsp;Praze z\u00edskala z\u00e1\u0161titu Pra\u017esk\u00e9 rady d\u011bt\u00ed a&nbsp;ml\u00e1de\u017ee Hlavn\u00edho m\u011bsta Prahy"}]},{"@type":"WebSite","@id":"https:\/\/rvvz.cz\/praha\/#website","url":"https:\/\/rvvz.cz\/praha\/","name":"RVVZ Praha \u2013 Region\u00e1ln\u00ed velk\u00e1 v\u00fdm\u011bna zku\u0161enost\u00ed","description":"","publisher":{"@id":"https:\/\/rvvz.cz\/praha\/#organization"},"potentialAction":[{"@type":"SearchAction","target":{"@type":"EntryPoint","urlTemplate":"https:\/\/rvvz.cz\/praha\/?s={search_term_string}"},"query-input":{"@type":"PropertyValueSpecification","valueRequired":true,"valueName":"search_term_string"}}],"inLanguage":"cs"},{"@type":"Organization","@id":"https:\/\/rvvz.cz\/praha\/#organization","name":"RVVZ Praha \u2013 Region\u00e1ln\u00ed velk\u00e1 v\u00fdm\u011bna zku\u0161enost\u00ed","url":"https:\/\/rvvz.cz\/praha\/","logo":{"@type":"ImageObject","inLanguage":"cs","@id":"https:\/\/rvvz.cz\/praha\/#\/schema\/logo\/image\/","url":"https:\/\/rvvz.cz\/praha\/wp-content\/uploads\/sites\/2\/2025\/04\/cropped-1.png","contentUrl":"https:\/\/rvvz.cz\/praha\/wp-content\/uploads\/sites\/2\/2025\/04\/cropped-1.png","width":1929,"height":633,"caption":"RVVZ Praha \u2013 Region\u00e1ln\u00ed velk\u00e1 v\u00fdm\u011bna zku\u0161enost\u00ed"},"image":{"@id":"https:\/\/rvvz.cz\/praha\/#\/schema\/logo\/image\/"},"sameAs":["https:\/\/facebook.com\/brontosaurus.praha","https:\/\/www.instagram.com\/rvvz.cz"]},{"@type":"Person","@id":"https:\/\/rvvz.cz\/praha\/#\/schema\/person\/c41878fe1cd4d1f2c0a5a95f51e23fd7","name":"pasa","image":{"@type":"ImageObject","inLanguage":"cs","@id":"https:\/\/secure.gravatar.com\/avatar\/c650c7ecacac6fa7a2d53a63176c06d0827d354ba435c0d8e557dc4e4dc81499?s=96&d=mm&r=g","url":"https:\/\/secure.gravatar.com\/avatar\/c650c7ecacac6fa7a2d53a63176c06d0827d354ba435c0d8e557dc4e4dc81499?s=96&d=mm&r=g","contentUrl":"https:\/\/secure.gravatar.com\/avatar\/c650c7ecacac6fa7a2d53a63176c06d0827d354ba435c0d8e557dc4e4dc81499?s=96&d=mm&r=g","caption":"pasa"},"url":"https:\/\/rvvz.cz\/praha\/author\/pasa\/"}]}},"_links":{"self":[{"href":"https:\/\/rvvz.cz\/praha\/wp-json\/wp\/v2\/posts\/838","targetHints":{"allow":["GET"]}}],"collection":[{"href":"https:\/\/rvvz.cz\/praha\/wp-json\/wp\/v2\/posts"}],"about":[{"href":"https:\/\/rvvz.cz\/praha\/wp-json\/wp\/v2\/types\/post"}],"author":[{"embeddable":true,"href":"https:\/\/rvvz.cz\/praha\/wp-json\/wp\/v2\/users\/3"}],"replies":[{"embeddable":true,"href":"https:\/\/rvvz.cz\/praha\/wp-json\/wp\/v2\/comments?post=838"}],"version-history":[{"count":1,"href":"https:\/\/rvvz.cz\/praha\/wp-json\/wp\/v2\/posts\/838\/revisions"}],"predecessor-version":[{"id":840,"href":"https:\/\/rvvz.cz\/praha\/wp-json\/wp\/v2\/posts\/838\/revisions\/840"}],"wp:featuredmedia":[{"embeddable":true,"href":"https:\/\/rvvz.cz\/praha\/wp-json\/wp\/v2\/media\/842"}],"wp:attachment":[{"href":"https:\/\/rvvz.cz\/praha\/wp-json\/wp\/v2\/media?parent=838"}],"wp:term":[{"taxonomy":"category","embeddable":true,"href":"https:\/\/rvvz.cz\/praha\/wp-json\/wp\/v2\/categories?post=838"},{"taxonomy":"post_tag","embeddable":true,"href":"https:\/\/rvvz.cz\/praha\/wp-json\/wp\/v2\/tags?post=838"}],"curies":[{"name":"wp","href":"https:\/\/api.w.org\/{rel}","templated":true}]}}