{"id":575,"date":"2025-08-01T23:02:59","date_gmt":"2025-08-01T21:02:59","guid":{"rendered":"https:\/\/rvvz.cz\/praha\/?p=575"},"modified":"2025-08-01T23:02:59","modified_gmt":"2025-08-01T21:02:59","slug":"praha-privita-prvni-regionalni-velkou-vymenu-zkusenosti-rvvz-praha-2026","status":"publish","type":"post","link":"https:\/\/rvvz.cz\/praha\/praha-privita-prvni-regionalni-velkou-vymenu-zkusenosti-rvvz-praha-2026\/","title":{"rendered":"Praha p\u0159iv\u00edt\u00e1 prvn\u00ed Region\u00e1ln\u00ed velkou v\u00fdm\u011bnu zku\u0161enost\u00ed: RVVZ Praha 2026"},"content":{"rendered":"\n<p>V lednu 2026 se v hlavn\u00edm m\u011bst\u011b \u010cesk\u00e9 republiky uskute\u010dn\u00ed <strong>Region\u00e1ln\u00ed velk\u00e1 v\u00fdm\u011bna zku\u0161enost\u00ed (RVVZ)<\/strong>. Tato vzd\u011bl\u00e1vac\u00ed a komunitn\u00ed akce zam\u011b\u0159en\u00e1 na pracovn\u00edky s d\u011btmi a ml\u00e1de\u017e\u00ed se odehraje <strong>ve spolupr\u00e1ci se <\/strong><a href=\"https:\/\/www.sps-prosek.cz\/\"><strong>St\u0159edn\u00ed pr\u016fmyslovou \u0161kolou na Proseku<\/strong><\/a><strong>.<\/strong> Jej\u00edmi dal\u0161\u00edmi po\u0159adateli jsou <a href=\"https:\/\/praha.brontosaurus.cz\/\"><strong>Region\u00e1ln\u00ed centrum Hnut\u00ed Brontosaurus Praha<\/strong><\/a> ve spolupr\u00e1ci s&nbsp;dal\u0161\u00edmi organizacemi jako Jun\u00e1k \u2013 \u010desk\u00fd skaut, Pion\u00fdr, \u010cesk\u00fd svaz ochr\u00e1nc\u016f p\u0159\u00edrody a&nbsp;dal\u0161\u00edmi dobrovoln\u00edky-profesion\u00e1ly i za\u010d\u00ednaj\u00edc\u00edmi nad\u0161enci z praxe.<\/p>\n\n\n\n<p>RVVZ Praha 2026 je ur\u010dena pro <strong>vedouc\u00ed d\u011btsk\u00fdch odd\u00edl\u016f, instruktory, u\u010ditele, pracovn\u00edky center voln\u00e9ho \u010dasu a dal\u0161\u00ed z\u00e1jemce o v\u00fdchovu a neform\u00e1ln\u00ed vzd\u011bl\u00e1v\u00e1n\u00ed<\/strong>. B\u011bhem v\u00edkendu nab\u00eddne des\u00edtky workshop\u016f, p\u0159edn\u00e1\u0161ek a facilitovan\u00fdch diskus\u00ed s c\u00edlem inspirovat a propojit komunitu t\u011bch, kte\u0159\u00ed se v\u011bnuj\u00ed rozvoji d\u011bt\u00ed a mlad\u00fdch lid\u00ed.<\/p>\n\n\n\n<p>\u201eChceme vytvo\u0159it platformu, kde se lid\u00e9 ze skaut\u016f, Brontosaura, DDM, \u0161kol a dal\u0161\u00edch organizac\u00ed mohou setkat, vz\u00e1jemn\u011b se obohatit a vytvo\u0159it nov\u00e9 formy spolupr\u00e1ce. V\u011b\u0159\u00edme, \u017ee i v Praze je potenci\u00e1l pro silnou komunitu lid\u00ed, kte\u0159\u00ed vedou srdcem,\u201c \u0159\u00edk\u00e1 \u0160\u00e1rka \u201e\u0160\u00e1\u0161a\u201d z&nbsp;d\u011btsk\u00e9ho odd\u00edlu Titio, koordin\u00e1torka RVVZ Praha 2026.<\/p>\n\n\n\n<p>Hlavn\u00ed tematick\u00e9 oblasti leto\u0161n\u00ed RVVZ jsou:<\/p>\n\n\n\n<ul class=\"wp-block-list\">\n<li><strong>P\u0159\u00edroda<\/strong><\/li>\n\n\n\n<li><strong>Technologie<\/strong><\/li>\n\n\n\n<li><strong>V\u00fdchova<\/strong><br><\/li>\n<\/ul>\n\n\n\n<p>RVVZ je osv\u011bd\u010den\u00fd form\u00e1t akc\u00ed po\u0159\u00e1dan\u00fdch v\u00edce ne\u017e 30 let po cel\u00e9 \u010cesk\u00e9 republice, navazuj\u00edc\u00ed na celost\u00e1tn\u00ed v\u00fdm\u011bnu zku\u0161enost\u00ed (CVVZ). Region\u00e1ln\u00ed verze, jako ta pra\u017esk\u00e1, se zam\u011b\u0159uj\u00ed na lok\u00e1ln\u00ed spolupr\u00e1ci, hlub\u0161\u00ed propojen\u00ed spolk\u016f a osobn\u011bj\u0161\u00ed atmosf\u00e9ru.<\/p>\n\n\n\n<p>Sou\u010d\u00e1st\u00ed akce bude nejen vzd\u011bl\u00e1vac\u00ed program, ale i spole\u010densk\u00fd a relaxa\u010dn\u00ed prostor \u2013 \u00fa\u010dastn\u00edci se mohou t\u011b\u0161it na \u010dajovny, deskov\u00e9 hry, kytary a neform\u00e1ln\u00ed sd\u00edlen\u00ed. Span\u00ed bude zaji\u0161t\u011bno p\u0159\u00edmo ve \u0161koln\u00edch prostor\u00e1ch.<\/p>\n\n\n\n<p>Akce je <strong>nev\u00fdd\u011ble\u010dn\u00e1 a dobrovolnick\u00e1<\/strong>, organizovan\u00e1 lidmi, kte\u0159\u00ed svou energii a \u010das v\u011bnuj\u00ed v\u00fdchov\u011b budouc\u00edch generac\u00ed.<\/p>\n\n\n\n<p>V\u00edce informac\u00ed a p\u0159ihla\u0161ov\u00e1n\u00ed:<br>\ud83c\udf10 <a href=\"http:\/\/www.rvvz.cz\/praha\"><strong>www.rvvz.cz\/praha<\/strong><\/a><br><\/p>\n\n\n\n<p><strong>Kontakt pro m\u00e9dia:<\/strong><br>Jakub H\u00e1jek, PR t\u00fdm RVVZ Praha 2026<br>\ud83d\udce7 info@rvvz.cz<\/p>\n\n\n\n<p><\/p>\n","protected":false},"excerpt":{"rendered":"<p>V lednu 2026 se v hlavn\u00edm m\u011bst\u011b \u010cesk\u00e9 republiky uskute\u010dn\u00ed Region\u00e1ln\u00ed velk\u00e1 v\u00fdm\u011bna zku\u0161enost\u00ed (RVVZ). Tato vzd\u011bl\u00e1vac\u00ed a komunitn\u00ed akce zam\u011b\u0159en\u00e1 na pracovn\u00edky s d\u011btmi a ml\u00e1de\u017e\u00ed se odehraje ve spolupr\u00e1ci se St\u0159edn\u00ed pr\u016fmyslovou \u0161kolou na Proseku. Jej\u00edmi dal\u0161\u00edmi po\u0159adateli jsou Region\u00e1ln\u00ed centrum Hnut\u00ed Brontosaurus Praha ve spolupr\u00e1ci s&nbsp;dal\u0161\u00edmi organizacemi jako Jun\u00e1k \u2013 \u010desk\u00fd skaut,&#8230;<\/p>\n","protected":false},"author":1,"featured_media":576,"comment_status":"open","ping_status":"open","sticky":false,"template":"","format":"standard","meta":{"_kadence_starter_templates_imported_post":false,"_kad_post_transparent":"","_kad_post_title":"","_kad_post_layout":"","_kad_post_sidebar_id":"","_kad_post_content_style":"","_kad_post_vertical_padding":"","_kad_post_feature":"","_kad_post_feature_position":"","_kad_post_header":false,"_kad_post_footer":false,"_kad_post_classname":"","footnotes":""},"categories":[1],"tags":[],"class_list":["post-575","post","type-post","status-publish","format-standard","has-post-thumbnail","hentry","category-nezarazene"],"yoast_head":"<!-- This site is optimized with the Yoast SEO plugin v27.4 - https:\/\/yoast.com\/product\/yoast-seo-wordpress\/ -->\n<title>Praha p\u0159iv\u00edt\u00e1 prvn\u00ed Region\u00e1ln\u00ed velkou v\u00fdm\u011bnu zku\u0161enost\u00ed: RVVZ Praha 2026 - RVVZ Praha \u2013 Region\u00e1ln\u00ed velk\u00e1 v\u00fdm\u011bna zku\u0161enost\u00ed<\/title>\n<meta name=\"robots\" content=\"index, follow, max-snippet:-1, max-image-preview:large, max-video-preview:-1\" \/>\n<link rel=\"canonical\" href=\"https:\/\/rvvz.cz\/praha\/praha-privita-prvni-regionalni-velkou-vymenu-zkusenosti-rvvz-praha-2026\/\" \/>\n<meta property=\"og:locale\" content=\"cs_CZ\" \/>\n<meta property=\"og:type\" content=\"article\" \/>\n<meta property=\"og:title\" content=\"Praha p\u0159iv\u00edt\u00e1 prvn\u00ed Region\u00e1ln\u00ed velkou v\u00fdm\u011bnu zku\u0161enost\u00ed: RVVZ Praha 2026 - RVVZ Praha \u2013 Region\u00e1ln\u00ed velk\u00e1 v\u00fdm\u011bna zku\u0161enost\u00ed\" \/>\n<meta property=\"og:description\" content=\"V lednu 2026 se v hlavn\u00edm m\u011bst\u011b \u010cesk\u00e9 republiky uskute\u010dn\u00ed Region\u00e1ln\u00ed velk\u00e1 v\u00fdm\u011bna zku\u0161enost\u00ed (RVVZ). Tato vzd\u011bl\u00e1vac\u00ed a komunitn\u00ed akce zam\u011b\u0159en\u00e1 na pracovn\u00edky s d\u011btmi a ml\u00e1de\u017e\u00ed se odehraje ve spolupr\u00e1ci se St\u0159edn\u00ed pr\u016fmyslovou \u0161kolou na Proseku. Jej\u00edmi dal\u0161\u00edmi po\u0159adateli jsou Region\u00e1ln\u00ed centrum Hnut\u00ed Brontosaurus Praha ve spolupr\u00e1ci s&nbsp;dal\u0161\u00edmi organizacemi jako Jun\u00e1k \u2013 \u010desk\u00fd skaut,...\" \/>\n<meta property=\"og:url\" content=\"https:\/\/rvvz.cz\/praha\/praha-privita-prvni-regionalni-velkou-vymenu-zkusenosti-rvvz-praha-2026\/\" \/>\n<meta property=\"og:site_name\" content=\"RVVZ Praha \u2013 Region\u00e1ln\u00ed velk\u00e1 v\u00fdm\u011bna zku\u0161enost\u00ed\" \/>\n<meta property=\"article:publisher\" content=\"https:\/\/facebook.com\/brontosaurus.praha\" \/>\n<meta property=\"article:published_time\" content=\"2025-08-01T21:02:59+00:00\" \/>\n<meta property=\"og:image\" content=\"https:\/\/rvvz.cz\/praha\/wp-content\/uploads\/sites\/2\/2025\/08\/Kuba-9588.jpg\" \/>\n\t<meta property=\"og:image:width\" content=\"1920\" \/>\n\t<meta property=\"og:image:height\" content=\"1280\" \/>\n\t<meta property=\"og:image:type\" content=\"image\/jpeg\" \/>\n<meta name=\"author\" content=\"spravce\" \/>\n<meta name=\"twitter:card\" content=\"summary_large_image\" \/>\n<meta name=\"twitter:label1\" content=\"Napsal(a)\" \/>\n\t<meta name=\"twitter:data1\" content=\"spravce\" \/>\n\t<meta name=\"twitter:label2\" content=\"Odhadovan\u00e1 doba \u010dten\u00ed\" \/>\n\t<meta name=\"twitter:data2\" content=\"2 minuty\" \/>\n<script type=\"application\/ld+json\" class=\"yoast-schema-graph\">{\"@context\":\"https:\\\/\\\/schema.org\",\"@graph\":[{\"@type\":\"Article\",\"@id\":\"https:\\\/\\\/rvvz.cz\\\/praha\\\/praha-privita-prvni-regionalni-velkou-vymenu-zkusenosti-rvvz-praha-2026\\\/#article\",\"isPartOf\":{\"@id\":\"https:\\\/\\\/rvvz.cz\\\/praha\\\/praha-privita-prvni-regionalni-velkou-vymenu-zkusenosti-rvvz-praha-2026\\\/\"},\"author\":{\"name\":\"spravce\",\"@id\":\"https:\\\/\\\/rvvz.cz\\\/praha\\\/#\\\/schema\\\/person\\\/0867410e9a9c058c04ea976412859b54\"},\"headline\":\"Praha p\u0159iv\u00edt\u00e1 prvn\u00ed Region\u00e1ln\u00ed velkou v\u00fdm\u011bnu zku\u0161enost\u00ed: RVVZ Praha 2026\",\"datePublished\":\"2025-08-01T21:02:59+00:00\",\"mainEntityOfPage\":{\"@id\":\"https:\\\/\\\/rvvz.cz\\\/praha\\\/praha-privita-prvni-regionalni-velkou-vymenu-zkusenosti-rvvz-praha-2026\\\/\"},\"wordCount\":407,\"commentCount\":0,\"publisher\":{\"@id\":\"https:\\\/\\\/rvvz.cz\\\/praha\\\/#organization\"},\"image\":{\"@id\":\"https:\\\/\\\/rvvz.cz\\\/praha\\\/praha-privita-prvni-regionalni-velkou-vymenu-zkusenosti-rvvz-praha-2026\\\/#primaryimage\"},\"thumbnailUrl\":\"https:\\\/\\\/rvvz.cz\\\/praha\\\/wp-content\\\/uploads\\\/sites\\\/2\\\/2025\\\/08\\\/Kuba-9588.jpg\",\"inLanguage\":\"cs\",\"potentialAction\":[{\"@type\":\"CommentAction\",\"name\":\"Comment\",\"target\":[\"https:\\\/\\\/rvvz.cz\\\/praha\\\/praha-privita-prvni-regionalni-velkou-vymenu-zkusenosti-rvvz-praha-2026\\\/#respond\"]}]},{\"@type\":\"WebPage\",\"@id\":\"https:\\\/\\\/rvvz.cz\\\/praha\\\/praha-privita-prvni-regionalni-velkou-vymenu-zkusenosti-rvvz-praha-2026\\\/\",\"url\":\"https:\\\/\\\/rvvz.cz\\\/praha\\\/praha-privita-prvni-regionalni-velkou-vymenu-zkusenosti-rvvz-praha-2026\\\/\",\"name\":\"Praha p\u0159iv\u00edt\u00e1 prvn\u00ed Region\u00e1ln\u00ed velkou v\u00fdm\u011bnu zku\u0161enost\u00ed: RVVZ Praha 2026 - RVVZ Praha \u2013 Region\u00e1ln\u00ed velk\u00e1 v\u00fdm\u011bna zku\u0161enost\u00ed\",\"isPartOf\":{\"@id\":\"https:\\\/\\\/rvvz.cz\\\/praha\\\/#website\"},\"primaryImageOfPage\":{\"@id\":\"https:\\\/\\\/rvvz.cz\\\/praha\\\/praha-privita-prvni-regionalni-velkou-vymenu-zkusenosti-rvvz-praha-2026\\\/#primaryimage\"},\"image\":{\"@id\":\"https:\\\/\\\/rvvz.cz\\\/praha\\\/praha-privita-prvni-regionalni-velkou-vymenu-zkusenosti-rvvz-praha-2026\\\/#primaryimage\"},\"thumbnailUrl\":\"https:\\\/\\\/rvvz.cz\\\/praha\\\/wp-content\\\/uploads\\\/sites\\\/2\\\/2025\\\/08\\\/Kuba-9588.jpg\",\"datePublished\":\"2025-08-01T21:02:59+00:00\",\"breadcrumb\":{\"@id\":\"https:\\\/\\\/rvvz.cz\\\/praha\\\/praha-privita-prvni-regionalni-velkou-vymenu-zkusenosti-rvvz-praha-2026\\\/#breadcrumb\"},\"inLanguage\":\"cs\",\"potentialAction\":[{\"@type\":\"ReadAction\",\"target\":[\"https:\\\/\\\/rvvz.cz\\\/praha\\\/praha-privita-prvni-regionalni-velkou-vymenu-zkusenosti-rvvz-praha-2026\\\/\"]}]},{\"@type\":\"ImageObject\",\"inLanguage\":\"cs\",\"@id\":\"https:\\\/\\\/rvvz.cz\\\/praha\\\/praha-privita-prvni-regionalni-velkou-vymenu-zkusenosti-rvvz-praha-2026\\\/#primaryimage\",\"url\":\"https:\\\/\\\/rvvz.cz\\\/praha\\\/wp-content\\\/uploads\\\/sites\\\/2\\\/2025\\\/08\\\/Kuba-9588.jpg\",\"contentUrl\":\"https:\\\/\\\/rvvz.cz\\\/praha\\\/wp-content\\\/uploads\\\/sites\\\/2\\\/2025\\\/08\\\/Kuba-9588.jpg\",\"width\":1920,\"height\":1280},{\"@type\":\"BreadcrumbList\",\"@id\":\"https:\\\/\\\/rvvz.cz\\\/praha\\\/praha-privita-prvni-regionalni-velkou-vymenu-zkusenosti-rvvz-praha-2026\\\/#breadcrumb\",\"itemListElement\":[{\"@type\":\"ListItem\",\"position\":1,\"name\":\"Dom\u016f\",\"item\":\"https:\\\/\\\/rvvz.cz\\\/praha\\\/\"},{\"@type\":\"ListItem\",\"position\":2,\"name\":\"Praha p\u0159iv\u00edt\u00e1 prvn\u00ed Region\u00e1ln\u00ed velkou v\u00fdm\u011bnu zku\u0161enost\u00ed: RVVZ Praha 2026\"}]},{\"@type\":\"WebSite\",\"@id\":\"https:\\\/\\\/rvvz.cz\\\/praha\\\/#website\",\"url\":\"https:\\\/\\\/rvvz.cz\\\/praha\\\/\",\"name\":\"RVVZ Praha \u2013 Region\u00e1ln\u00ed velk\u00e1 v\u00fdm\u011bna zku\u0161enost\u00ed\",\"description\":\"\",\"publisher\":{\"@id\":\"https:\\\/\\\/rvvz.cz\\\/praha\\\/#organization\"},\"potentialAction\":[{\"@type\":\"SearchAction\",\"target\":{\"@type\":\"EntryPoint\",\"urlTemplate\":\"https:\\\/\\\/rvvz.cz\\\/praha\\\/?s={search_term_string}\"},\"query-input\":{\"@type\":\"PropertyValueSpecification\",\"valueRequired\":true,\"valueName\":\"search_term_string\"}}],\"inLanguage\":\"cs\"},{\"@type\":\"Organization\",\"@id\":\"https:\\\/\\\/rvvz.cz\\\/praha\\\/#organization\",\"name\":\"RVVZ Praha \u2013 Region\u00e1ln\u00ed velk\u00e1 v\u00fdm\u011bna zku\u0161enost\u00ed\",\"url\":\"https:\\\/\\\/rvvz.cz\\\/praha\\\/\",\"logo\":{\"@type\":\"ImageObject\",\"inLanguage\":\"cs\",\"@id\":\"https:\\\/\\\/rvvz.cz\\\/praha\\\/#\\\/schema\\\/logo\\\/image\\\/\",\"url\":\"https:\\\/\\\/rvvz.cz\\\/praha\\\/wp-content\\\/uploads\\\/sites\\\/2\\\/2025\\\/04\\\/cropped-1.png\",\"contentUrl\":\"https:\\\/\\\/rvvz.cz\\\/praha\\\/wp-content\\\/uploads\\\/sites\\\/2\\\/2025\\\/04\\\/cropped-1.png\",\"width\":1929,\"height\":633,\"caption\":\"RVVZ Praha \u2013 Region\u00e1ln\u00ed velk\u00e1 v\u00fdm\u011bna zku\u0161enost\u00ed\"},\"image\":{\"@id\":\"https:\\\/\\\/rvvz.cz\\\/praha\\\/#\\\/schema\\\/logo\\\/image\\\/\"},\"sameAs\":[\"https:\\\/\\\/facebook.com\\\/brontosaurus.praha\",\"https:\\\/\\\/www.instagram.com\\\/rvvz.cz\"]},{\"@type\":\"Person\",\"@id\":\"https:\\\/\\\/rvvz.cz\\\/praha\\\/#\\\/schema\\\/person\\\/0867410e9a9c058c04ea976412859b54\",\"name\":\"spravce\",\"image\":{\"@type\":\"ImageObject\",\"inLanguage\":\"cs\",\"@id\":\"https:\\\/\\\/secure.gravatar.com\\\/avatar\\\/b33c3adf6ba8a276e202d1256843973f711d173c5145166b1d6deb6a9d39d52d?s=96&d=mm&r=g\",\"url\":\"https:\\\/\\\/secure.gravatar.com\\\/avatar\\\/b33c3adf6ba8a276e202d1256843973f711d173c5145166b1d6deb6a9d39d52d?s=96&d=mm&r=g\",\"contentUrl\":\"https:\\\/\\\/secure.gravatar.com\\\/avatar\\\/b33c3adf6ba8a276e202d1256843973f711d173c5145166b1d6deb6a9d39d52d?s=96&d=mm&r=g\",\"caption\":\"spravce\"},\"sameAs\":[\"https:\\\/\\\/rvvz.cz\"],\"url\":\"https:\\\/\\\/rvvz.cz\\\/praha\\\/author\\\/spravce\\\/\"}]}<\/script>\n<!-- \/ Yoast SEO plugin. -->","yoast_head_json":{"title":"Praha p\u0159iv\u00edt\u00e1 prvn\u00ed Region\u00e1ln\u00ed velkou v\u00fdm\u011bnu zku\u0161enost\u00ed: RVVZ Praha 2026 - RVVZ Praha \u2013 Region\u00e1ln\u00ed velk\u00e1 v\u00fdm\u011bna zku\u0161enost\u00ed","robots":{"index":"index","follow":"follow","max-snippet":"max-snippet:-1","max-image-preview":"max-image-preview:large","max-video-preview":"max-video-preview:-1"},"canonical":"https:\/\/rvvz.cz\/praha\/praha-privita-prvni-regionalni-velkou-vymenu-zkusenosti-rvvz-praha-2026\/","og_locale":"cs_CZ","og_type":"article","og_title":"Praha p\u0159iv\u00edt\u00e1 prvn\u00ed Region\u00e1ln\u00ed velkou v\u00fdm\u011bnu zku\u0161enost\u00ed: RVVZ Praha 2026 - RVVZ Praha \u2013 Region\u00e1ln\u00ed velk\u00e1 v\u00fdm\u011bna zku\u0161enost\u00ed","og_description":"V lednu 2026 se v hlavn\u00edm m\u011bst\u011b \u010cesk\u00e9 republiky uskute\u010dn\u00ed Region\u00e1ln\u00ed velk\u00e1 v\u00fdm\u011bna zku\u0161enost\u00ed (RVVZ). Tato vzd\u011bl\u00e1vac\u00ed a komunitn\u00ed akce zam\u011b\u0159en\u00e1 na pracovn\u00edky s d\u011btmi a ml\u00e1de\u017e\u00ed se odehraje ve spolupr\u00e1ci se St\u0159edn\u00ed pr\u016fmyslovou \u0161kolou na Proseku. Jej\u00edmi dal\u0161\u00edmi po\u0159adateli jsou Region\u00e1ln\u00ed centrum Hnut\u00ed Brontosaurus Praha ve spolupr\u00e1ci s&nbsp;dal\u0161\u00edmi organizacemi jako Jun\u00e1k \u2013 \u010desk\u00fd skaut,...","og_url":"https:\/\/rvvz.cz\/praha\/praha-privita-prvni-regionalni-velkou-vymenu-zkusenosti-rvvz-praha-2026\/","og_site_name":"RVVZ Praha \u2013 Region\u00e1ln\u00ed velk\u00e1 v\u00fdm\u011bna zku\u0161enost\u00ed","article_publisher":"https:\/\/facebook.com\/brontosaurus.praha","article_published_time":"2025-08-01T21:02:59+00:00","og_image":[{"width":1920,"height":1280,"url":"https:\/\/rvvz.cz\/praha\/wp-content\/uploads\/sites\/2\/2025\/08\/Kuba-9588.jpg","type":"image\/jpeg"}],"author":"spravce","twitter_card":"summary_large_image","twitter_misc":{"Napsal(a)":"spravce","Odhadovan\u00e1 doba \u010dten\u00ed":"2 minuty"},"schema":{"@context":"https:\/\/schema.org","@graph":[{"@type":"Article","@id":"https:\/\/rvvz.cz\/praha\/praha-privita-prvni-regionalni-velkou-vymenu-zkusenosti-rvvz-praha-2026\/#article","isPartOf":{"@id":"https:\/\/rvvz.cz\/praha\/praha-privita-prvni-regionalni-velkou-vymenu-zkusenosti-rvvz-praha-2026\/"},"author":{"name":"spravce","@id":"https:\/\/rvvz.cz\/praha\/#\/schema\/person\/0867410e9a9c058c04ea976412859b54"},"headline":"Praha p\u0159iv\u00edt\u00e1 prvn\u00ed Region\u00e1ln\u00ed velkou v\u00fdm\u011bnu zku\u0161enost\u00ed: RVVZ Praha 2026","datePublished":"2025-08-01T21:02:59+00:00","mainEntityOfPage":{"@id":"https:\/\/rvvz.cz\/praha\/praha-privita-prvni-regionalni-velkou-vymenu-zkusenosti-rvvz-praha-2026\/"},"wordCount":407,"commentCount":0,"publisher":{"@id":"https:\/\/rvvz.cz\/praha\/#organization"},"image":{"@id":"https:\/\/rvvz.cz\/praha\/praha-privita-prvni-regionalni-velkou-vymenu-zkusenosti-rvvz-praha-2026\/#primaryimage"},"thumbnailUrl":"https:\/\/rvvz.cz\/praha\/wp-content\/uploads\/sites\/2\/2025\/08\/Kuba-9588.jpg","inLanguage":"cs","potentialAction":[{"@type":"CommentAction","name":"Comment","target":["https:\/\/rvvz.cz\/praha\/praha-privita-prvni-regionalni-velkou-vymenu-zkusenosti-rvvz-praha-2026\/#respond"]}]},{"@type":"WebPage","@id":"https:\/\/rvvz.cz\/praha\/praha-privita-prvni-regionalni-velkou-vymenu-zkusenosti-rvvz-praha-2026\/","url":"https:\/\/rvvz.cz\/praha\/praha-privita-prvni-regionalni-velkou-vymenu-zkusenosti-rvvz-praha-2026\/","name":"Praha p\u0159iv\u00edt\u00e1 prvn\u00ed Region\u00e1ln\u00ed velkou v\u00fdm\u011bnu zku\u0161enost\u00ed: RVVZ Praha 2026 - RVVZ Praha \u2013 Region\u00e1ln\u00ed velk\u00e1 v\u00fdm\u011bna zku\u0161enost\u00ed","isPartOf":{"@id":"https:\/\/rvvz.cz\/praha\/#website"},"primaryImageOfPage":{"@id":"https:\/\/rvvz.cz\/praha\/praha-privita-prvni-regionalni-velkou-vymenu-zkusenosti-rvvz-praha-2026\/#primaryimage"},"image":{"@id":"https:\/\/rvvz.cz\/praha\/praha-privita-prvni-regionalni-velkou-vymenu-zkusenosti-rvvz-praha-2026\/#primaryimage"},"thumbnailUrl":"https:\/\/rvvz.cz\/praha\/wp-content\/uploads\/sites\/2\/2025\/08\/Kuba-9588.jpg","datePublished":"2025-08-01T21:02:59+00:00","breadcrumb":{"@id":"https:\/\/rvvz.cz\/praha\/praha-privita-prvni-regionalni-velkou-vymenu-zkusenosti-rvvz-praha-2026\/#breadcrumb"},"inLanguage":"cs","potentialAction":[{"@type":"ReadAction","target":["https:\/\/rvvz.cz\/praha\/praha-privita-prvni-regionalni-velkou-vymenu-zkusenosti-rvvz-praha-2026\/"]}]},{"@type":"ImageObject","inLanguage":"cs","@id":"https:\/\/rvvz.cz\/praha\/praha-privita-prvni-regionalni-velkou-vymenu-zkusenosti-rvvz-praha-2026\/#primaryimage","url":"https:\/\/rvvz.cz\/praha\/wp-content\/uploads\/sites\/2\/2025\/08\/Kuba-9588.jpg","contentUrl":"https:\/\/rvvz.cz\/praha\/wp-content\/uploads\/sites\/2\/2025\/08\/Kuba-9588.jpg","width":1920,"height":1280},{"@type":"BreadcrumbList","@id":"https:\/\/rvvz.cz\/praha\/praha-privita-prvni-regionalni-velkou-vymenu-zkusenosti-rvvz-praha-2026\/#breadcrumb","itemListElement":[{"@type":"ListItem","position":1,"name":"Dom\u016f","item":"https:\/\/rvvz.cz\/praha\/"},{"@type":"ListItem","position":2,"name":"Praha p\u0159iv\u00edt\u00e1 prvn\u00ed Region\u00e1ln\u00ed velkou v\u00fdm\u011bnu zku\u0161enost\u00ed: RVVZ Praha 2026"}]},{"@type":"WebSite","@id":"https:\/\/rvvz.cz\/praha\/#website","url":"https:\/\/rvvz.cz\/praha\/","name":"RVVZ Praha \u2013 Region\u00e1ln\u00ed velk\u00e1 v\u00fdm\u011bna zku\u0161enost\u00ed","description":"","publisher":{"@id":"https:\/\/rvvz.cz\/praha\/#organization"},"potentialAction":[{"@type":"SearchAction","target":{"@type":"EntryPoint","urlTemplate":"https:\/\/rvvz.cz\/praha\/?s={search_term_string}"},"query-input":{"@type":"PropertyValueSpecification","valueRequired":true,"valueName":"search_term_string"}}],"inLanguage":"cs"},{"@type":"Organization","@id":"https:\/\/rvvz.cz\/praha\/#organization","name":"RVVZ Praha \u2013 Region\u00e1ln\u00ed velk\u00e1 v\u00fdm\u011bna zku\u0161enost\u00ed","url":"https:\/\/rvvz.cz\/praha\/","logo":{"@type":"ImageObject","inLanguage":"cs","@id":"https:\/\/rvvz.cz\/praha\/#\/schema\/logo\/image\/","url":"https:\/\/rvvz.cz\/praha\/wp-content\/uploads\/sites\/2\/2025\/04\/cropped-1.png","contentUrl":"https:\/\/rvvz.cz\/praha\/wp-content\/uploads\/sites\/2\/2025\/04\/cropped-1.png","width":1929,"height":633,"caption":"RVVZ Praha \u2013 Region\u00e1ln\u00ed velk\u00e1 v\u00fdm\u011bna zku\u0161enost\u00ed"},"image":{"@id":"https:\/\/rvvz.cz\/praha\/#\/schema\/logo\/image\/"},"sameAs":["https:\/\/facebook.com\/brontosaurus.praha","https:\/\/www.instagram.com\/rvvz.cz"]},{"@type":"Person","@id":"https:\/\/rvvz.cz\/praha\/#\/schema\/person\/0867410e9a9c058c04ea976412859b54","name":"spravce","image":{"@type":"ImageObject","inLanguage":"cs","@id":"https:\/\/secure.gravatar.com\/avatar\/b33c3adf6ba8a276e202d1256843973f711d173c5145166b1d6deb6a9d39d52d?s=96&d=mm&r=g","url":"https:\/\/secure.gravatar.com\/avatar\/b33c3adf6ba8a276e202d1256843973f711d173c5145166b1d6deb6a9d39d52d?s=96&d=mm&r=g","contentUrl":"https:\/\/secure.gravatar.com\/avatar\/b33c3adf6ba8a276e202d1256843973f711d173c5145166b1d6deb6a9d39d52d?s=96&d=mm&r=g","caption":"spravce"},"sameAs":["https:\/\/rvvz.cz"],"url":"https:\/\/rvvz.cz\/praha\/author\/spravce\/"}]}},"_links":{"self":[{"href":"https:\/\/rvvz.cz\/praha\/wp-json\/wp\/v2\/posts\/575","targetHints":{"allow":["GET"]}}],"collection":[{"href":"https:\/\/rvvz.cz\/praha\/wp-json\/wp\/v2\/posts"}],"about":[{"href":"https:\/\/rvvz.cz\/praha\/wp-json\/wp\/v2\/types\/post"}],"author":[{"embeddable":true,"href":"https:\/\/rvvz.cz\/praha\/wp-json\/wp\/v2\/users\/1"}],"replies":[{"embeddable":true,"href":"https:\/\/rvvz.cz\/praha\/wp-json\/wp\/v2\/comments?post=575"}],"version-history":[{"count":1,"href":"https:\/\/rvvz.cz\/praha\/wp-json\/wp\/v2\/posts\/575\/revisions"}],"predecessor-version":[{"id":577,"href":"https:\/\/rvvz.cz\/praha\/wp-json\/wp\/v2\/posts\/575\/revisions\/577"}],"wp:featuredmedia":[{"embeddable":true,"href":"https:\/\/rvvz.cz\/praha\/wp-json\/wp\/v2\/media\/576"}],"wp:attachment":[{"href":"https:\/\/rvvz.cz\/praha\/wp-json\/wp\/v2\/media?parent=575"}],"wp:term":[{"taxonomy":"category","embeddable":true,"href":"https:\/\/rvvz.cz\/praha\/wp-json\/wp\/v2\/categories?post=575"},{"taxonomy":"post_tag","embeddable":true,"href":"https:\/\/rvvz.cz\/praha\/wp-json\/wp\/v2\/tags?post=575"}],"curies":[{"name":"wp","href":"https:\/\/api.w.org\/{rel}","templated":true}]}}